{"id":4313,"date":"2021-03-20T19:35:18","date_gmt":"2021-03-20T18:35:18","guid":{"rendered":"https:\/\/jessheim.katolsk.no\/?p=4313"},"modified":"2021-03-21T09:06:42","modified_gmt":"2021-03-21T08:06:42","slug":"refleksjon-5-sondag-i-fastetiden-v-sr-kathleen-maire-osf","status":"publish","type":"post","link":"https:\/\/jessheim.katolsk.no\/?p=4313","title":{"rendered":"Refleksjon: 5. s\u00f8ndag i fastetiden v\/ Sr. Kathleen Maire OSF"},"content":{"rendered":"<p style=\"text-align: center;\"><span style=\"font-family: 'times new roman', times; font-size: 18pt;\"><strong>Refleksjon: 5. s\u00f8ndag i fastetiden \u2013 \u00c5r B<\/strong><\/span><\/p>\n<p style=\"text-align: center;\"><span style=\"font-family: 'times new roman', times; font-size: 12pt;\"><em>v\/ Sr. Kathleen Maire OSF<\/em><\/span><\/p>\n<p><span style=\"font-family: 'times new roman', times; font-size: 14pt;\"><em>&nbsp;<\/em><\/span><\/p>\n<p style=\"text-align: right;\"><span style=\"font-family: 'times new roman', times; font-size: 10pt;\"><em>(Oversatt og redigert av S.G.)<\/em><\/span><\/p>\n<p><span style=\"font-family: 'times new roman', times; font-size: 14pt;\">Vi n\u00e6rmer oss slutten av fastetiden og dagens lesningene beretter om de siste dagene i Jesu liv. For eksempel n\u00e5r vi leser ordene \u00abTimen er kommet\u00bb tenker vi s\u00e6rlig p\u00e5 Jesu d\u00f8dstime. Disse ordene gir isannhet oss den betydning, men if\u00f8lge evangelisten Johannes har de en helt annen mening, nemlig, det er timen for Jesu forherligelse. Det handler ikke s\u00e5 mye om d\u00f8dstimen til en uskyldig mann, men om timen da et nytt liv begynner for oss. Vi er s\u00e5 vant til \u00e5 h\u00f8re disse ordene at vi kanskje allerede har mistet grepet. Det er en erkl\u00e6ring om liv, om frelse, om forening med Gud p\u00e5 en m\u00e5te som ikke tidligere var forestilt.<\/span><\/p>\n<p><span style=\"font-family: 'times new roman', times; font-size: 14pt;\">For evangelisten Johannes m\u00e5 hele Jesu liv sees fra oppstandelsens perspektiv. Av den grunn g\u00e5r ikke evangelisten i detalj for \u00e5 beskrive Jesu lidelse, smerte i Getsemane, den usigelige mentale kvalen eller Jesu siste timene p\u00e5 korset. All lidelse m\u00e5 forst\u00e5s som en del av dramaet, hvilket Jesus blir herliggjort og dermed v\u00e6re i stand til \u00e5 oppfylle Guds vilje p\u00e5 en fullkommen m\u00e5te.<\/span><\/p>\n<p><span style=\"font-family: 'times new roman', times; font-size: 14pt;\">Det nye livet som vi har f\u00e5tt gjennom Jesu forherligelse, finner man reflektert i den f\u00f8rste lesningen som taler om den nye pakt som Gud har inng\u00e5tt med Israels og Judas hus, hvilket vil si: med alle menneskene. Det er en ny pakt nedskrevet i hvert menneskes hjerte, en ekstraordin\u00e6r pakt som resulterer i en indre forandring. Det er ikke utenfor personen, men i vedkommende hjertets innerste, der det f\u00f8rer oss til en fullstendig omvendelse. Profeten Jeremia forkynner: \u00abJeg vil v\u00e6re deres Gud, og de skal v\u00e6re mitt folk.\u00bb Dette er et spr\u00e5k mellom kj\u00e6rester, et spr\u00e5k som lover troskap, et spr\u00e5k som kun avhenger av Guds barmhjertige og trofaste kj\u00e6rlighet.<\/span><\/p>\n<p><span style=\"font-family: 'times new roman', times; font-size: 14pt;\">N\u00e5r Jesus i evangeliet forkynner: \u00abTimen er kommet..\u00bb m\u00e5 vi forst\u00e5 at det handler om fornyelse av denne pakten som n\u00e5 manifestert i sin fylde. Det fins ikke noe annet som Gud kunne gjort mer for oss. Jesus er oppfyllelsen av dette l\u00f8ftet. Pakten oppn\u00e5r sin fullkommenhet med hele menneskeheten, ikke bare j\u00f8dene, men ogs\u00e5 grekerne og alle menneskene som hadde reist til Jerusalem for p\u00e5skefeiringen. I v\u00e5r tid m\u00e5 vi forst\u00e5 at pakten ogs\u00e5 inkluderer hver og en av oss, alts\u00e5, de d\u00f8pte i Kristus.<\/span><\/p>\n<p><span style=\"font-family: 'times new roman', times; font-size: 14pt;\">I dagens evangeliet h\u00f8rte vi ogs\u00e5 Guds r\u00f8st forkynne: \u00abMin herlighet har jeg latt lyse, og jeg vil gj\u00f8re det p\u00e5 ny.\u00bb Gud er tilstede og taler ikke for personen Jesus, men for menneskene rundt ham. For mennesket er det vanskelig og veldig ofte umulig \u00e5 forst\u00e5 at lidelse er en del av frelsesverket. Smerten, d\u00f8den, livets forvirring &#8211; alt dette virker absurd. Likevel aksepterer Jesus dette som en del av sin ferdmot trofastheten, s\u00e5 ogs\u00e5 vi m\u00e5 akseptere v\u00e5rt eget livs virkelighet.<\/span><\/p>\n<p><span style=\"font-family: 'times new roman', times; font-size: 14pt;\">Vi har f\u00e5tt dette vakre l\u00f8ftet av den nye pakt, etablert mellom Gud og hver og en i v\u00e5rt hjertets innerste. I likhet med Jesus, m\u00e5 vi gi oss selv, med v\u00e5rt livs smerter og sorger, helt og holdent til Gud. I dag h\u00f8rte vi at timen er kommet.<\/span><\/p>\n<p><span style=\"font-family: 'times new roman', times; font-size: 14pt;\">Sp\u00f8rsm\u00e5let gjenst\u00e5r: Er vi klare til \u00e5 akseptere Gudsrikets komme?<\/span><\/p>\n<p>&nbsp;<\/p>\n<p><span style=\"font-family: 'times new roman', times; font-size: 14pt;\"><strong><em>Kilde<\/em><\/strong><em>: https:\/\/www.preacherexchange.com\/homiliasdominicales2.htm<\/em><\/span><\/p>\n","protected":false},"excerpt":{"rendered":"<p>Refleksjon: 5. s\u00f8ndag i fastetiden \u2013 \u00c5r B v\/ Sr. Kathleen Maire OSF &nbsp; (Oversatt og redigert av S.G.) Vi<\/p>\n","protected":false},"author":3,"featured_media":4302,"comment_status":"closed","ping_status":"closed","sticky":false,"template":"","format":"standard","meta":{"colormag_page_container_layout":"default_layout","colormag_page_sidebar_layout":"default_layout","ngg_post_thumbnail":0,"footnotes":""},"categories":[28,29],"tags":[],"class_list":["post-4313","post","type-post","status-publish","format-standard","has-post-thumbnail","hentry","category-drive-in","category-refleksjon"],"_links":{"self":[{"href":"https:\/\/jessheim.katolsk.no\/index.php?rest_route=\/wp\/v2\/posts\/4313","targetHints":{"allow":["GET"]}}],"collection":[{"href":"https:\/\/jessheim.katolsk.no\/index.php?rest_route=\/wp\/v2\/posts"}],"about":[{"href":"https:\/\/jessheim.katolsk.no\/index.php?rest_route=\/wp\/v2\/types\/post"}],"author":[{"embeddable":true,"href":"https:\/\/jessheim.katolsk.no\/index.php?rest_route=\/wp\/v2\/users\/3"}],"replies":[{"embeddable":true,"href":"https:\/\/jessheim.katolsk.no\/index.php?rest_route=%2Fwp%2Fv2%2Fcomments&post=4313"}],"version-history":[{"count":5,"href":"https:\/\/jessheim.katolsk.no\/index.php?rest_route=\/wp\/v2\/posts\/4313\/revisions"}],"predecessor-version":[{"id":4318,"href":"https:\/\/jessheim.katolsk.no\/index.php?rest_route=\/wp\/v2\/posts\/4313\/revisions\/4318"}],"wp:featuredmedia":[{"embeddable":true,"href":"https:\/\/jessheim.katolsk.no\/index.php?rest_route=\/wp\/v2\/media\/4302"}],"wp:attachment":[{"href":"https:\/\/jessheim.katolsk.no\/index.php?rest_route=%2Fwp%2Fv2%2Fmedia&parent=4313"}],"wp:term":[{"taxonomy":"category","embeddable":true,"href":"https:\/\/jessheim.katolsk.no\/index.php?rest_route=%2Fwp%2Fv2%2Fcategories&post=4313"},{"taxonomy":"post_tag","embeddable":true,"href":"https:\/\/jessheim.katolsk.no\/index.php?rest_route=%2Fwp%2Fv2%2Ftags&post=4313"}],"curies":[{"name":"wp","href":"https:\/\/api.w.org\/{rel}","templated":true}]}}