{"id":2880,"date":"2020-11-27T16:02:25","date_gmt":"2020-11-27T15:02:25","guid":{"rendered":"https:\/\/jessheim.katolsk.no\/?p=2880"},"modified":"2020-12-02T13:57:12","modified_gmt":"2020-12-02T12:57:12","slug":"advent-i","status":"publish","type":"post","link":"https:\/\/jessheim.katolsk.no\/?p=2880","title":{"rendered":"Advent I: H\u00e5pets og Forventingens tid"},"content":{"rendered":"<p style=\"text-align: center;\"><span style=\"color: #7030a0;\"><em>Advent I<br \/>\n<\/em><\/span><\/p>\n<p style=\"text-align: center;\"><span style=\"color: #7030a0;\"><strong>H\u00e5pets og Forventingens tid<br \/>\n<\/strong><\/span><\/p>\n<p style=\"text-align: center;\"><span style=\"font-size: 12pt;\"><em>\u00abSom en skatt&#8230;\u00bb prekener av W. Stinissen<br \/>\n<\/em><\/span><\/p>\n<p>Advent betyr bokstavelig talt noe som kommer til oss. Noe er i ferd med \u00e5 komme. Den tilsvarende holdningen hos oss er \u00e5 v\u00e6re p\u00e5 vakt, \u00e5 v\u00e6re beredt, \u00e5 vente (&#8230;)<\/p>\n<p>Advent er h\u00e5pets og forventingens tid. Ikke s\u00e5 \u00e5 forst\u00e5 at det bare er i <em>adventstiden <\/em>man b\u00f8r h\u00e5pe, men i adventstiden blir vi p\u00e5 en spesiell m\u00e5te minnet om at <em>hele <\/em>v\u00e5rt liv b\u00f8r st\u00e5 i h\u00e5pets tegn (&#8230;)<\/p>\n<p>Adventstiden rommer en tredobbelt forventning.<\/p>\n<p>F\u00f8rst opplever vi Det gamle testamentets brennende lengsel etter en Frelser. Alltid, helt fra den aller f\u00f8rste begynnelsen, har menneskeheten hatt en lengsel etter befrielse, etter frelse. I alle tider har mennesker hatt en f\u00f8lelse av at noe er g\u00e5tt i stykker innvendig, at den opprinnelige harmonien er \u00f8delagt (&#8230;)<\/p>\n<p>Denne urgamle lengselen etter Frelseren blir igjen aktuell n\u00e5 i adventstiden. En stor del av v\u00e5rt vesen er enn\u00e5 ikke blitt frelst og roper etter en Frelser (&#8230;) I adventstiden tar vi p\u00e5 en m\u00e5te opp igjen hele menneskehetens fortid, hele Kirkens lange forhistorie, og gj\u00f8r den aktuell igjen.<\/p>\n<p>Men vi vet at Jesus allerede <em>er <\/em>kommet. Han er f\u00f8dt i Betlehem av jomfru Maria, han har lidt for oss (&#8230;) Vi er allerede frelst. Vi har f\u00e5tt Den Hellige \u00c5nd, Jesu \u00c5nd, b\u00f8r mer og mer forvandle v\u00e5re liv og b\u00e6re frukt (&#8230;)<\/p>\n<p>Det er dette vi lengter etter n\u00e5 i adventstiden. At den frelse som allerede er kommet, skal sl\u00e5 rot i oss og b\u00e6re frukt. Adventstiden omfatter ikke bare fortiden, men ogs\u00e5 n\u00e5tiden: Vi lengter etter at Jesus, som allerede er hos oss, skal bli en <em>levende <\/em>virkelighet for hver og en av oss.<\/p>\n<p>Endelig omfatter advent ogs\u00e5 fremtiden. Kristus er kommet, men han kommer tilbake, ved tidens slutt. Det er denne gjenkomsten vi lengter etter i adventstiden (&#8230;)<\/p>\n<p>I advent forenes fortid, n\u00e5tid og fremtid. Med de gamle patriarkenes forventning lengter vi, hinsides Betlehem og Golgata, etter det himmelske Jerusalem, der alt skal v\u00e6re underlagt S\u00f8nnen og der ogs\u00e5 S\u00f8nnen selv skal underordne seg Faderen (1 Kor 15:28). Derfor er adventstiden en rik tid.<\/p>\n","protected":false},"excerpt":{"rendered":"<p>Advent I H\u00e5pets og Forventingens tid \u00abSom en skatt&#8230;\u00bb prekener av W. Stinissen Advent betyr bokstavelig talt noe som kommer<\/p>\n","protected":false},"author":2,"featured_media":2882,"comment_status":"open","ping_status":"open","sticky":false,"template":"","format":"standard","meta":{"colormag_page_container_layout":"default_layout","colormag_page_sidebar_layout":"default_layout","ngg_post_thumbnail":0,"footnotes":""},"categories":[1],"tags":[],"class_list":["post-2880","post","type-post","status-publish","format-standard","has-post-thumbnail","hentry","category-ukategorisert"],"_links":{"self":[{"href":"https:\/\/jessheim.katolsk.no\/index.php?rest_route=\/wp\/v2\/posts\/2880","targetHints":{"allow":["GET"]}}],"collection":[{"href":"https:\/\/jessheim.katolsk.no\/index.php?rest_route=\/wp\/v2\/posts"}],"about":[{"href":"https:\/\/jessheim.katolsk.no\/index.php?rest_route=\/wp\/v2\/types\/post"}],"author":[{"embeddable":true,"href":"https:\/\/jessheim.katolsk.no\/index.php?rest_route=\/wp\/v2\/users\/2"}],"replies":[{"embeddable":true,"href":"https:\/\/jessheim.katolsk.no\/index.php?rest_route=%2Fwp%2Fv2%2Fcomments&post=2880"}],"version-history":[{"count":4,"href":"https:\/\/jessheim.katolsk.no\/index.php?rest_route=\/wp\/v2\/posts\/2880\/revisions"}],"predecessor-version":[{"id":3455,"href":"https:\/\/jessheim.katolsk.no\/index.php?rest_route=\/wp\/v2\/posts\/2880\/revisions\/3455"}],"wp:featuredmedia":[{"embeddable":true,"href":"https:\/\/jessheim.katolsk.no\/index.php?rest_route=\/wp\/v2\/media\/2882"}],"wp:attachment":[{"href":"https:\/\/jessheim.katolsk.no\/index.php?rest_route=%2Fwp%2Fv2%2Fmedia&parent=2880"}],"wp:term":[{"taxonomy":"category","embeddable":true,"href":"https:\/\/jessheim.katolsk.no\/index.php?rest_route=%2Fwp%2Fv2%2Fcategories&post=2880"},{"taxonomy":"post_tag","embeddable":true,"href":"https:\/\/jessheim.katolsk.no\/index.php?rest_route=%2Fwp%2Fv2%2Ftags&post=2880"}],"curies":[{"name":"wp","href":"https:\/\/api.w.org\/{rel}","templated":true}]}}