{"id":2605,"date":"2020-11-18T15:08:00","date_gmt":"2020-11-18T14:08:00","guid":{"rendered":"https:\/\/jessheim.katolsk.no\/?p=2605"},"modified":"2020-11-22T18:13:52","modified_gmt":"2020-11-22T17:13:52","slug":"katolsk-drive-in-sondagsmesse","status":"publish","type":"post","link":"https:\/\/jessheim.katolsk.no\/?p=2605","title":{"rendered":"Katolsk &laquo;drive-in&raquo; s\u00f8ndagsmesse"},"content":{"rendered":"<div>\n<div>En liten refleksjon<\/div>\n<div>Den aller f\u00f8rste \u00abdrive-in\u00bb s\u00f8ndagsmesse fant sted i St. Gudmund katolske menighet, n\u00e6rmere bestemt p\u00e5 parkeringsplassen foran kirken sist s\u00f8ndag.<\/div>\n<div>P\u00e5 kort varsel har en god del biler m\u00f8tt opp lenge f\u00f8r kl. 11:00. De skulle f\u00f8lge messe der de satt i sine respektive biler. Det ble kunngjort p\u00e5 forh\u00e5nd at lyden av messe skulle \u00abstreames\u00bb direkte inn til bilene ved hjelp av programvare Zoom. Kirkerommet syntes \u00e5 v\u00e6re forlenget til \u00e5 omfavne hele uteomr\u00e5det idet alteret plasseres foran kirkens hovedinngang.<\/div>\n<p><img decoding=\"async\" src=\"https:\/\/jessheim.katolsk.no\/wp-content\/uploads\/2020\/11\/aee2f8_f16eb158958e4d5581fa8de580e5d7d2mv2-scaled.jpg\" \/><img decoding=\"async\" src=\"https:\/\/jessheim.katolsk.no\/wp-content\/uploads\/2020\/11\/aee2f8_c18a836e9999470db5426cf376796d2cmv2.jpg\" \/><\/p>\n<div>Herfra kan man skue utover den enorme parkeringsplassen som kan ta imot opptil 100 biler. Det var nettopp denne enorme parkeringsplassen som inspirerte menighetens ekstraordin\u00e6re tiltak: \u00abdrive-in\u00bb s\u00f8ndagsmesse, som et svar p\u00e5 strengere lokale smitteverntiltak og en ny b\u00f8lge av nedstengte kirker i nabokommunene.<\/div>\n<div>I all hast ble menighetens mannskap p\u00e5 tvers av organisatoriske avdelinger og nasjonale grupper stablet p\u00e5 beina:<\/div>\n<div>Noen m\u00e5tte jo varsle nabolaget om arrangementet med den hensikt \u00e5 beholde det gode forhold menigheten har hatt med sine naboer over lengre tid.Teknisk team gikk rask til verks for \u00e5 finne gode lydtekniske l\u00f8sninger.Terrasse-ovner m\u00e5tte anskaffes ettersom messen skulle avholdes utend\u00f8rs og det p\u00e5 vinterstid!Kirkeverter\/parkeringsvakter skulle registrere bilkjennemerke ved ankomst, passe p\u00e5 at lokale smitteverntiltak overholdes, samt videreformidle praktisk info osv.<\/div>\n<div>Pater Janusz, sognepresten i St. Magnus menighet, og s\u00f8strene av det Hellige Kors fra Lillestr\u00f8m stilte opp og hjalp til med kommunions-utdelingen. Pater Piotr fra Oslo hjalp ogs\u00e5 til under messe p\u00e5 polsk p\u00e5 ettermiddagen. P\u00e5 disse to messene ble den hellige eukaristi administrert via bilvindu til messedeltagerne som satt i bilene.<\/div>\n<p><img decoding=\"async\" src=\"https:\/\/jessheim.katolsk.no\/wp-content\/uploads\/2020\/11\/aee2f8_6903391388244f29a101d5b494ef9f07mv2-scaled.jpg\" \/><img decoding=\"async\" src=\"https:\/\/jessheim.katolsk.no\/wp-content\/uploads\/2020\/11\/aee2f8_f95391cf46594fd78d1e101ed4be15b8mv2.jpg\" \/><\/p>\n<div>Hvilke tanker sitter man da igjen etter menighetens aller f\u00f8rste \u00abdrive-in\u00bb s\u00f8ndagsmesse?<\/div>\n<div>\n<p>Konseptet \u00abdrive-in\u00bb s\u00f8ndagsmesse har vist seg \u00e5 v\u00e6re gjennomf\u00f8rbart i praksis, forutsatt at logistikk, lyd og tekniske l\u00f8sninger er p\u00e5 plass.<\/p>\n<div>For oss er konseptet \u00abdrive-in\u00bb kun et middel ment til midlertidig bruk i en utfordrende koronasituasjon som vi alle st\u00e5r i. Det er innholdet, i v\u00e5r sammenheng: katolsk liturgi med hovedfokus p\u00e5 Guds Ord og Den hellige Eukaristi som m\u00e5 v\u00e6re det avgj\u00f8rende kriteriet. N\u00e5r det er sagt, har de troende et reelt \u00e5ndelig behov for \u00e5 lytte til Guds Ord i felleskap og kommunisere Kristi Legeme, hvilket er \u00abdrive-in\u00bb s\u00f8ndagsmessens hovedanliggende.<\/div>\n<\/div>\n<div>Behovet for kommunion (les: communio) eller \u00abfelleskap\u00bb har v\u00e6rt et gjengangertema i etterkant av forrige nedstengning. Det fins en stor andel av v\u00e5re menighetsmedlemmer som f\u00f8ler seg ensomme og isolerte av \u00e5 v\u00e6re hjemme over lengre tid under koronapandemien. Selv om \u00abdrive-in\u00bb messe, strengt tatt, ikke gis adgang til fysiske n\u00e6rhet m.h.t. smitteverntiltak, idet man blir bedt om \u00e5 oppholde seg i bilen under hele messen, s\u00e5 er det \u00e5 kunne v\u00e6re tilstede p\u00e5 samme sted dvs. parkeringsplass, og til samme tidspunkt, kunne se hverandre via bilvindu, kunne f\u00e5 \u00f8yekontakt med sognekirken og det helligste sakramentet, eukaristi, noe som betyr veldig mye for sv\u00e6rt mange av oss.<\/div>\n<div>De av oss som deltok p\u00e5 \u00abdrive-in\u00bb s\u00f8ndagsmesse sist s\u00f8ndag \u00f8nsker at det jobbes m\u00e5lrettet videre slik at \u00abdrive-in\u00bb messetilbud kan utvides til \u00e5 kunne ta imot dem som s\u00e5rt savner kommunionen, det katolske trosfelleskapet.<\/div>\n<\/div>\n","protected":false},"excerpt":{"rendered":"<p>En liten refleksjon Den aller f\u00f8rste \u00abdrive-in\u00bb s\u00f8ndagsmesse fant sted i St. Gudmund katolske menighet, n\u00e6rmere bestemt p\u00e5 parkeringsplassen foran<\/p>\n","protected":false},"author":4,"featured_media":2606,"comment_status":"open","ping_status":"open","sticky":false,"template":"","format":"standard","meta":{"colormag_page_container_layout":"default_layout","colormag_page_sidebar_layout":"default_layout","ngg_post_thumbnail":0,"footnotes":""},"categories":[12,11],"tags":[],"class_list":["post-2605","post","type-post","status-publish","format-standard","has-post-thumbnail","hentry","category-koronaviruset","category-messe"],"_links":{"self":[{"href":"https:\/\/jessheim.katolsk.no\/index.php?rest_route=\/wp\/v2\/posts\/2605","targetHints":{"allow":["GET"]}}],"collection":[{"href":"https:\/\/jessheim.katolsk.no\/index.php?rest_route=\/wp\/v2\/posts"}],"about":[{"href":"https:\/\/jessheim.katolsk.no\/index.php?rest_route=\/wp\/v2\/types\/post"}],"author":[{"embeddable":true,"href":"https:\/\/jessheim.katolsk.no\/index.php?rest_route=\/wp\/v2\/users\/4"}],"replies":[{"embeddable":true,"href":"https:\/\/jessheim.katolsk.no\/index.php?rest_route=%2Fwp%2Fv2%2Fcomments&post=2605"}],"version-history":[{"count":1,"href":"https:\/\/jessheim.katolsk.no\/index.php?rest_route=\/wp\/v2\/posts\/2605\/revisions"}],"predecessor-version":[{"id":2632,"href":"https:\/\/jessheim.katolsk.no\/index.php?rest_route=\/wp\/v2\/posts\/2605\/revisions\/2632"}],"wp:featuredmedia":[{"embeddable":true,"href":"https:\/\/jessheim.katolsk.no\/index.php?rest_route=\/wp\/v2\/media\/2606"}],"wp:attachment":[{"href":"https:\/\/jessheim.katolsk.no\/index.php?rest_route=%2Fwp%2Fv2%2Fmedia&parent=2605"}],"wp:term":[{"taxonomy":"category","embeddable":true,"href":"https:\/\/jessheim.katolsk.no\/index.php?rest_route=%2Fwp%2Fv2%2Fcategories&post=2605"},{"taxonomy":"post_tag","embeddable":true,"href":"https:\/\/jessheim.katolsk.no\/index.php?rest_route=%2Fwp%2Fv2%2Ftags&post=2605"}],"curies":[{"name":"wp","href":"https:\/\/api.w.org\/{rel}","templated":true}]}}