{"id":2539,"date":"2017-02-21T08:11:56","date_gmt":"2017-02-21T07:11:56","guid":{"rendered":"https:\/\/jessheim.katolsk.no\/?p=2539"},"modified":"2017-02-21T08:11:56","modified_gmt":"2017-02-21T07:11:56","slug":"kvinnenes-internasjonale-bonnedag","status":"publish","type":"post","link":"https:\/\/jessheim.katolsk.no\/?p=2539","title":{"rendered":"Kvinnenes Internasjonale B\u00f8nnedag"},"content":{"rendered":"<div><img decoding=\"async\" src=\"https:\/\/jessheim.katolsk.no\/wp-content\/uploads\/2020\/11\/aee2f8_a9eb2ca129c34db4aa5995e22af54894mv2.jpg\"\/><\/p>\n<div> Menighetene i Ullensaker, Ullensaker Kirkeakademi og andre kristne trossamfunn inviterer til Kvinnenes Internasjonale B\u00f8nnedag.<\/div>\n<div>I St. Gudmund kirke, arrangeres \u00f8kumenisk gudstjeneste fredag, 3 mars 2017 kl.19:00.<\/div>\n<div>Temaet for Kvinnenes Internasjonale b\u00f8nnedag er \u00abGj\u00f8r jeg deg urett?\u00bb<\/div>\n<p><img decoding=\"async\" src=\"https:\/\/jessheim.katolsk.no\/wp-content\/uploads\/2020\/11\/aee2f8_a6cc044368124fc5abf1955db0d93992mv2.jpg\"\/><\/p>\n<div>Det blir sang, musikk og meditasjon.<\/div>\n<div>Etter b\u00f8nnegudstjenesten samles vi menighetssalen til et m\u00e5ltid og samv\u00e6r.<\/div>\n<div>ALLE ER HJERTELIG VELKOMMEN!<\/div>\n<\/div>\n","protected":false},"excerpt":{"rendered":"<p>Menighetene i Ullensaker, Ullensaker Kirkeakademi og andre kristne trossamfunn inviterer til Kvinnenes Internasjonale B\u00f8nnedag. I St. Gudmund kirke, arrangeres \u00f8kumenisk<\/p>\n","protected":false},"author":4,"featured_media":1701,"comment_status":"open","ping_status":"open","sticky":false,"template":"","format":"standard","meta":{"colormag_page_container_layout":"default_layout","colormag_page_sidebar_layout":"default_layout","ngg_post_thumbnail":0,"footnotes":""},"categories":[],"tags":[],"class_list":["post-2539","post","type-post","status-publish","format-standard","has-post-thumbnail","hentry"],"_links":{"self":[{"href":"https:\/\/jessheim.katolsk.no\/index.php?rest_route=\/wp\/v2\/posts\/2539","targetHints":{"allow":["GET"]}}],"collection":[{"href":"https:\/\/jessheim.katolsk.no\/index.php?rest_route=\/wp\/v2\/posts"}],"about":[{"href":"https:\/\/jessheim.katolsk.no\/index.php?rest_route=\/wp\/v2\/types\/post"}],"author":[{"embeddable":true,"href":"https:\/\/jessheim.katolsk.no\/index.php?rest_route=\/wp\/v2\/users\/4"}],"replies":[{"embeddable":true,"href":"https:\/\/jessheim.katolsk.no\/index.php?rest_route=%2Fwp%2Fv2%2Fcomments&post=2539"}],"version-history":[{"count":0,"href":"https:\/\/jessheim.katolsk.no\/index.php?rest_route=\/wp\/v2\/posts\/2539\/revisions"}],"wp:featuredmedia":[{"embeddable":true,"href":"https:\/\/jessheim.katolsk.no\/index.php?rest_route=\/wp\/v2\/media\/1701"}],"wp:attachment":[{"href":"https:\/\/jessheim.katolsk.no\/index.php?rest_route=%2Fwp%2Fv2%2Fmedia&parent=2539"}],"wp:term":[{"taxonomy":"category","embeddable":true,"href":"https:\/\/jessheim.katolsk.no\/index.php?rest_route=%2Fwp%2Fv2%2Fcategories&post=2539"},{"taxonomy":"post_tag","embeddable":true,"href":"https:\/\/jessheim.katolsk.no\/index.php?rest_route=%2Fwp%2Fv2%2Ftags&post=2539"}],"curies":[{"name":"wp","href":"https:\/\/api.w.org\/{rel}","templated":true}]}}