{"id":2525,"date":"2017-05-16T06:44:09","date_gmt":"2017-05-16T04:44:09","guid":{"rendered":"https:\/\/jessheim.katolsk.no\/?p=2525"},"modified":"2017-05-16T06:44:09","modified_gmt":"2017-05-16T04:44:09","slug":"presteflytting","status":"publish","type":"post","link":"https:\/\/jessheim.katolsk.no\/?p=2525","title":{"rendered":"Presteflytting"},"content":{"rendered":"<div>\n<div>Kj\u00e6re menighet! <\/div>\n<div>N\u00e5 er den \u00e5rlige presteflyttingen kunngjort. Biskop Bernt Eidsvig har foretatt f\u00f8lgende utnevnelser for v\u00e5r menighet.<\/div>\n<p><img decoding=\"async\" src=\"https:\/\/jessheim.katolsk.no\/wp-content\/uploads\/2020\/11\/aee2f8_5bd67008a8c243349e9738640ea36e57mv2.jpeg\"\/><\/p>\n<div>V\u00e5r kapellan p. Pawel Wiech flytter og blir den nye sogneadministrator i Sta. Clara i Kongsvinger f.o.m. september 2017.<\/div>\n<p><img decoding=\"async\" src=\"https:\/\/jessheim.katolsk.no\/wp-content\/uploads\/2020\/11\/aee2f8_d03816662cdb4c7cae503f0fb2cea3e0mv2.jpeg\"\/><\/p>\n<div>P. Waldemar Bo\u017cek er med virkning fra 1. september l\u00f8st fra stillingen som kapellan i St. Hallvard menighet i Oslo, og fra samme dato utnevnt til kapellan i St. Gudmund menighet.<\/div>\n<p><img decoding=\"async\" src=\"https:\/\/jessheim.katolsk.no\/wp-content\/uploads\/2020\/11\/aee2f8_1038b05560c84cd1a83f724b69349ca7mv2.png\"\/><\/p>\n<div>Dere kan lese mer p\u00e5: <\/div>\n<div>Katolsk.no. 12.05.2017. \u00ab<a href=\"http:\/\/www.katolsk.no\/nyheter\/2017\/05\/170509-presteflytting-og-utnevnelser-i-oslo-katolske-bispedomme\">Presteflytting og utnevnelser i Oslo katolske bisped\u00f8mme<\/a>\u00bb. <\/div>\n<\/div>\n","protected":false},"excerpt":{"rendered":"<p>Kj\u00e6re menighet! N\u00e5 er den \u00e5rlige presteflyttingen kunngjort. Biskop Bernt Eidsvig har foretatt f\u00f8lgende utnevnelser for v\u00e5r menighet. V\u00e5r kapellan<\/p>\n","protected":false},"author":4,"featured_media":1596,"comment_status":"open","ping_status":"open","sticky":false,"template":"","format":"standard","meta":{"colormag_page_container_layout":"default_layout","colormag_page_sidebar_layout":"default_layout","ngg_post_thumbnail":0,"footnotes":""},"categories":[],"tags":[],"class_list":["post-2525","post","type-post","status-publish","format-standard","has-post-thumbnail","hentry"],"_links":{"self":[{"href":"https:\/\/jessheim.katolsk.no\/index.php?rest_route=\/wp\/v2\/posts\/2525","targetHints":{"allow":["GET"]}}],"collection":[{"href":"https:\/\/jessheim.katolsk.no\/index.php?rest_route=\/wp\/v2\/posts"}],"about":[{"href":"https:\/\/jessheim.katolsk.no\/index.php?rest_route=\/wp\/v2\/types\/post"}],"author":[{"embeddable":true,"href":"https:\/\/jessheim.katolsk.no\/index.php?rest_route=\/wp\/v2\/users\/4"}],"replies":[{"embeddable":true,"href":"https:\/\/jessheim.katolsk.no\/index.php?rest_route=%2Fwp%2Fv2%2Fcomments&post=2525"}],"version-history":[{"count":0,"href":"https:\/\/jessheim.katolsk.no\/index.php?rest_route=\/wp\/v2\/posts\/2525\/revisions"}],"wp:featuredmedia":[{"embeddable":true,"href":"https:\/\/jessheim.katolsk.no\/index.php?rest_route=\/wp\/v2\/media\/1596"}],"wp:attachment":[{"href":"https:\/\/jessheim.katolsk.no\/index.php?rest_route=%2Fwp%2Fv2%2Fmedia&parent=2525"}],"wp:term":[{"taxonomy":"category","embeddable":true,"href":"https:\/\/jessheim.katolsk.no\/index.php?rest_route=%2Fwp%2Fv2%2Fcategories&post=2525"},{"taxonomy":"post_tag","embeddable":true,"href":"https:\/\/jessheim.katolsk.no\/index.php?rest_route=%2Fwp%2Fv2%2Ftags&post=2525"}],"curies":[{"name":"wp","href":"https:\/\/api.w.org\/{rel}","templated":true}]}}