{"id":2520,"date":"2017-06-23T07:57:53","date_gmt":"2017-06-23T05:57:53","guid":{"rendered":"https:\/\/jessheim.katolsk.no\/?p=2520"},"modified":"2017-06-23T07:57:53","modified_gmt":"2017-06-23T05:57:53","slug":"jubileumsfest","status":"publish","type":"post","link":"https:\/\/jessheim.katolsk.no\/?p=2520","title":{"rendered":"Jubileumsfest"},"content":{"rendered":"<div>\n<div>P\u00e5 s\u00f8ndag, 18. juni var det jubileumsfest i St. Gudmund Menighet. Vi fikk bes\u00f8k av Biskop Bernt Eidsvig som feiret pontifikalmesse for oss. Vi feiret at det er ett \u00e5r siden v\u00e5r kirke ble vigslet. Mot slutten av messen var det gaveutdeling til Sonja Johansen, Biskop Bernt Eidsvig, Pater Rory og Pater Tan og Harald Espelund. Etter messen var alle invitert til grillfesten.<\/div>\n<div><img decoding=\"async\" src=\"https:\/\/jessheim.katolsk.no\/wp-content\/uploads\/2020\/11\/aee2f8_95ed637e6f874419bd887babd1897abbmv2_d_3024_4032_s_4_2-scaled.jpeg\"\/><img decoding=\"async\" src=\"https:\/\/jessheim.katolsk.no\/wp-content\/uploads\/2020\/11\/aee2f8_1886a032230849d685b4c3687136bd0amv2_d_3024_4032_s_4_2-scaled.jpg\"\/><img decoding=\"async\" src=\"https:\/\/jessheim.katolsk.no\/wp-content\/uploads\/2020\/11\/aee2f8_179d54493c904b0a82783d5b47b3d710mv2_d_4032_3024_s_4_2-scaled.jpg\"\/><img decoding=\"async\" src=\"https:\/\/jessheim.katolsk.no\/wp-content\/uploads\/2020\/11\/aee2f8_1ec863d0dbb94e7ead27cc6b3a7f226dmv2_d_3024_4032_s_4_2-scaled.jpg\"\/><img decoding=\"async\" src=\"https:\/\/jessheim.katolsk.no\/wp-content\/uploads\/2020\/11\/aee2f8_1f8e0860466c47fa9c0614692b401d0amv2_d_3024_4032_s_4_2-scaled.jpg\"\/><img decoding=\"async\" src=\"https:\/\/jessheim.katolsk.no\/wp-content\/uploads\/2020\/11\/aee2f8_a2d3799887c1485a818a653ce5bf1f4bmv2_d_3024_4032_s_4_2-scaled.jpg\"\/><img decoding=\"async\" src=\"https:\/\/jessheim.katolsk.no\/wp-content\/uploads\/2020\/11\/aee2f8_cf939fe237e74bfb81a009b7c41c1c20mv2_d_4032_3024_s_4_2-scaled.jpg\"\/><img decoding=\"async\" src=\"https:\/\/jessheim.katolsk.no\/wp-content\/uploads\/2020\/11\/aee2f8_a277fa4328274a4382061e10f43eaa70mv2_d_4032_3024_s_4_2-scaled.jpg\"\/><\/div>\n<div>Tusen hjertelig takk til alle som har v\u00e6rt med \u00e5 planlegge liturgi og alle som feiret jubileumsfesten med oss. <\/div>\n<p><img decoding=\"async\" src=\"https:\/\/jessheim.katolsk.no\/wp-content\/uploads\/2020\/11\/aee2f8_5d59bdc06ead40b7ae2a13199d964ed2mv2.jpg\"\/><\/div>\n","protected":false},"excerpt":{"rendered":"<p>P\u00e5 s\u00f8ndag, 18. juni var det jubileumsfest i St. Gudmund Menighet. Vi fikk bes\u00f8k av Biskop Bernt Eidsvig som feiret<\/p>\n","protected":false},"author":4,"featured_media":1580,"comment_status":"open","ping_status":"open","sticky":false,"template":"","format":"standard","meta":{"colormag_page_container_layout":"default_layout","colormag_page_sidebar_layout":"default_layout","ngg_post_thumbnail":0,"footnotes":""},"categories":[],"tags":[],"class_list":["post-2520","post","type-post","status-publish","format-standard","has-post-thumbnail","hentry"],"_links":{"self":[{"href":"https:\/\/jessheim.katolsk.no\/index.php?rest_route=\/wp\/v2\/posts\/2520","targetHints":{"allow":["GET"]}}],"collection":[{"href":"https:\/\/jessheim.katolsk.no\/index.php?rest_route=\/wp\/v2\/posts"}],"about":[{"href":"https:\/\/jessheim.katolsk.no\/index.php?rest_route=\/wp\/v2\/types\/post"}],"author":[{"embeddable":true,"href":"https:\/\/jessheim.katolsk.no\/index.php?rest_route=\/wp\/v2\/users\/4"}],"replies":[{"embeddable":true,"href":"https:\/\/jessheim.katolsk.no\/index.php?rest_route=%2Fwp%2Fv2%2Fcomments&post=2520"}],"version-history":[{"count":0,"href":"https:\/\/jessheim.katolsk.no\/index.php?rest_route=\/wp\/v2\/posts\/2520\/revisions"}],"wp:featuredmedia":[{"embeddable":true,"href":"https:\/\/jessheim.katolsk.no\/index.php?rest_route=\/wp\/v2\/media\/1580"}],"wp:attachment":[{"href":"https:\/\/jessheim.katolsk.no\/index.php?rest_route=%2Fwp%2Fv2%2Fmedia&parent=2520"}],"wp:term":[{"taxonomy":"category","embeddable":true,"href":"https:\/\/jessheim.katolsk.no\/index.php?rest_route=%2Fwp%2Fv2%2Fcategories&post=2520"},{"taxonomy":"post_tag","embeddable":true,"href":"https:\/\/jessheim.katolsk.no\/index.php?rest_route=%2Fwp%2Fv2%2Ftags&post=2520"}],"curies":[{"name":"wp","href":"https:\/\/api.w.org\/{rel}","templated":true}]}}