{"id":2498,"date":"2017-10-25T06:57:55","date_gmt":"2017-10-25T04:57:55","guid":{"rendered":"https:\/\/jessheim.katolsk.no\/?p=2498"},"modified":"2017-10-25T06:57:55","modified_gmt":"2017-10-25T04:57:55","slug":"allehelgensdag-og-allesjelersdag","status":"publish","type":"post","link":"https:\/\/jessheim.katolsk.no\/?p=2498","title":{"rendered":"Allehelgensdag og Allesjelersdag"},"content":{"rendered":"<div><img decoding=\"async\" src=\"https:\/\/jessheim.katolsk.no\/wp-content\/uploads\/2020\/11\/aee2f8_a56021edb57640a4aae5295b81d2b277mv2.jpg\"\/><\/p>\n<div>\n<div>Onsdag, 1.11 er det Allehelgensdag og det er me<\/div>\n<p>sse kl.18:00. <\/p><\/div>\n<div>Torsdag, 2.11 er det Allesjelersdag og messe er kl.18:00. <\/div>\n<div>Vi skal feire messe denne dagen til v\u00e5re kj\u00e6re som har g\u00e5tt bort. Dere kan skrive navn til de avd\u00f8de som vi skal feire messe for i heftet som ligger p\u00e5 bordet bakerst i kirken, ved siden av St. Nino statue.<\/div>\n<\/div>\n","protected":false},"excerpt":{"rendered":"<p>Onsdag, 1.11 er det Allehelgensdag og det er me sse kl.18:00. Torsdag, 2.11 er det Allesjelersdag og messe er kl.18:00.<\/p>\n","protected":false},"author":4,"featured_media":1539,"comment_status":"open","ping_status":"open","sticky":false,"template":"","format":"standard","meta":{"colormag_page_container_layout":"default_layout","colormag_page_sidebar_layout":"default_layout","ngg_post_thumbnail":0,"footnotes":""},"categories":[],"tags":[],"class_list":["post-2498","post","type-post","status-publish","format-standard","has-post-thumbnail","hentry"],"_links":{"self":[{"href":"https:\/\/jessheim.katolsk.no\/index.php?rest_route=\/wp\/v2\/posts\/2498","targetHints":{"allow":["GET"]}}],"collection":[{"href":"https:\/\/jessheim.katolsk.no\/index.php?rest_route=\/wp\/v2\/posts"}],"about":[{"href":"https:\/\/jessheim.katolsk.no\/index.php?rest_route=\/wp\/v2\/types\/post"}],"author":[{"embeddable":true,"href":"https:\/\/jessheim.katolsk.no\/index.php?rest_route=\/wp\/v2\/users\/4"}],"replies":[{"embeddable":true,"href":"https:\/\/jessheim.katolsk.no\/index.php?rest_route=%2Fwp%2Fv2%2Fcomments&post=2498"}],"version-history":[{"count":0,"href":"https:\/\/jessheim.katolsk.no\/index.php?rest_route=\/wp\/v2\/posts\/2498\/revisions"}],"wp:featuredmedia":[{"embeddable":true,"href":"https:\/\/jessheim.katolsk.no\/index.php?rest_route=\/wp\/v2\/media\/1539"}],"wp:attachment":[{"href":"https:\/\/jessheim.katolsk.no\/index.php?rest_route=%2Fwp%2Fv2%2Fmedia&parent=2498"}],"wp:term":[{"taxonomy":"category","embeddable":true,"href":"https:\/\/jessheim.katolsk.no\/index.php?rest_route=%2Fwp%2Fv2%2Fcategories&post=2498"},{"taxonomy":"post_tag","embeddable":true,"href":"https:\/\/jessheim.katolsk.no\/index.php?rest_route=%2Fwp%2Fv2%2Ftags&post=2498"}],"curies":[{"name":"wp","href":"https:\/\/api.w.org\/{rel}","templated":true}]}}