{"id":2494,"date":"2017-11-15T14:11:52","date_gmt":"2017-11-15T13:11:52","guid":{"rendered":"https:\/\/jessheim.katolsk.no\/?p=2494"},"modified":"2017-11-15T14:11:52","modified_gmt":"2017-11-15T13:11:52","slug":"st-gudmund-menighet-feirer-10-ars-jubileum","status":"publish","type":"post","link":"https:\/\/jessheim.katolsk.no\/?p=2494","title":{"rendered":"St. Gudmund menighet feirer 10 \u00e5rs jubileum"},"content":{"rendered":"<div><img decoding=\"async\" src=\"https:\/\/jessheim.katolsk.no\/wp-content\/uploads\/2020\/11\/aee2f8_4b4d25126c2745a3bdcfb2348132b215mv2.jpg\"\/><\/p>\n<div>F\u00f8rste s\u00f8ndag i advent 2007 ble St. Gudmund menighet opprettet (10 \u00e5rs jubileum i \u00e5r) S\u00f8ndag, 3. desember kl.11:00 skal Biskop Bernt Eidsvig skal feire takksigelse messe for oss. I denne forbindelse skal biskopen velsigne statuen som skal v\u00e6re i Maria hagen og St. Gudmund statue. Ta gjerne med mat og kaker til denne dagen. <\/div>\n<div>Alle er hjertelig velkommen<\/div>\n<p><img decoding=\"async\" src=\"https:\/\/jessheim.katolsk.no\/wp-content\/uploads\/2020\/11\/aee2f8_2932e46132c040e499c5914f7c6d53d2mv2_d_2592_3872_s_4_2-scaled.jpg\"\/><\/div>\n","protected":false},"excerpt":{"rendered":"<p>F\u00f8rste s\u00f8ndag i advent 2007 ble St. Gudmund menighet opprettet (10 \u00e5rs jubileum i \u00e5r) S\u00f8ndag, 3. desember kl.11:00 skal<\/p>\n","protected":false},"author":4,"featured_media":1511,"comment_status":"open","ping_status":"open","sticky":false,"template":"","format":"standard","meta":{"colormag_page_container_layout":"default_layout","colormag_page_sidebar_layout":"default_layout","ngg_post_thumbnail":0,"footnotes":""},"categories":[],"tags":[],"class_list":["post-2494","post","type-post","status-publish","format-standard","has-post-thumbnail","hentry"],"_links":{"self":[{"href":"https:\/\/jessheim.katolsk.no\/index.php?rest_route=\/wp\/v2\/posts\/2494","targetHints":{"allow":["GET"]}}],"collection":[{"href":"https:\/\/jessheim.katolsk.no\/index.php?rest_route=\/wp\/v2\/posts"}],"about":[{"href":"https:\/\/jessheim.katolsk.no\/index.php?rest_route=\/wp\/v2\/types\/post"}],"author":[{"embeddable":true,"href":"https:\/\/jessheim.katolsk.no\/index.php?rest_route=\/wp\/v2\/users\/4"}],"replies":[{"embeddable":true,"href":"https:\/\/jessheim.katolsk.no\/index.php?rest_route=%2Fwp%2Fv2%2Fcomments&post=2494"}],"version-history":[{"count":0,"href":"https:\/\/jessheim.katolsk.no\/index.php?rest_route=\/wp\/v2\/posts\/2494\/revisions"}],"wp:featuredmedia":[{"embeddable":true,"href":"https:\/\/jessheim.katolsk.no\/index.php?rest_route=\/wp\/v2\/media\/1511"}],"wp:attachment":[{"href":"https:\/\/jessheim.katolsk.no\/index.php?rest_route=%2Fwp%2Fv2%2Fmedia&parent=2494"}],"wp:term":[{"taxonomy":"category","embeddable":true,"href":"https:\/\/jessheim.katolsk.no\/index.php?rest_route=%2Fwp%2Fv2%2Fcategories&post=2494"},{"taxonomy":"post_tag","embeddable":true,"href":"https:\/\/jessheim.katolsk.no\/index.php?rest_route=%2Fwp%2Fv2%2Ftags&post=2494"}],"curies":[{"name":"wp","href":"https:\/\/api.w.org\/{rel}","templated":true}]}}