{"id":2489,"date":"2017-12-06T14:21:19","date_gmt":"2017-12-06T13:21:19","guid":{"rendered":"https:\/\/jessheim.katolsk.no\/?p=2489"},"modified":"2017-12-06T14:21:19","modified_gmt":"2017-12-06T13:21:19","slug":"st-gudmund-menighets-10-ars-jubileum","status":"publish","type":"post","link":"https:\/\/jessheim.katolsk.no\/?p=2489","title":{"rendered":"St. Gudmund menighets 10 \u00e5rs jubileum"},"content":{"rendered":"<div>\n<div>P\u00e5 s\u00f8ndag, 3. desember (f\u00f8rste s\u00f8ndag i advent) var det pontifikal messe i St. Gudmund og Biskop Bernt Eidsvig feiret messen. Han velsignet ogs\u00e5 St. Gudmund og Marie statue som ble montert og heist opp p\u00e5 fredag. Etter messen var det mat og kaker i menighetssalen. <\/div>\n<div>Vi vil takke alle som har v\u00e6rt i messen og liturgi og alle som laget mat og kaker til St. Gudmund menighets 10 \u00e5rs jubileum. <\/div>\n<div>Her er bilder fra s\u00f8ndagen. <\/div>\n<div><img decoding=\"async\" src=\"https:\/\/jessheim.katolsk.no\/wp-content\/uploads\/2020\/11\/aee2f8_e9955453828e41608748811ec130de48mv2_d_5184_3456_s_4_2-scaled.jpg\"\/><img decoding=\"async\" src=\"https:\/\/jessheim.katolsk.no\/wp-content\/uploads\/2020\/11\/aee2f8_d2a992997dbe42f2b79226a7c035eb3amv2.jpg\"\/><img decoding=\"async\" src=\"https:\/\/jessheim.katolsk.no\/wp-content\/uploads\/2020\/11\/aee2f8_fef8a840fc734c31a7438187414c0c42mv2_d_5184_3456_s_4_2-scaled.jpg\"\/><img decoding=\"async\" src=\"https:\/\/jessheim.katolsk.no\/wp-content\/uploads\/2020\/11\/aee2f8_ea532b9c27d1484a8c809afd0d4181aamv2.jpg\"\/><img decoding=\"async\" src=\"https:\/\/jessheim.katolsk.no\/wp-content\/uploads\/2020\/11\/aee2f8_4139dbc781404140935332e9b6c526b1mv2.jpg\"\/><img decoding=\"async\" src=\"https:\/\/jessheim.katolsk.no\/wp-content\/uploads\/2020\/11\/aee2f8_5dd883084ca84065847b1dfcd35eba52mv2_d_5184_3456_s_4_2-scaled.jpg\"\/><img decoding=\"async\" src=\"https:\/\/jessheim.katolsk.no\/wp-content\/uploads\/2020\/11\/aee2f8_c92a5a3a8fee419895039f317ef88b58mv2_d_3456_5184_s_4_2-scaled.jpg\"\/><img decoding=\"async\" src=\"https:\/\/jessheim.katolsk.no\/wp-content\/uploads\/2020\/11\/aee2f8_8ef716dc754b411ca242b9b6fc354611mv2.jpg\"\/><img decoding=\"async\" src=\"https:\/\/jessheim.katolsk.no\/wp-content\/uploads\/2020\/11\/aee2f8_f78763cefad546e3ae288186cb9eba3amv2.jpg\"\/><\/div>\n<div><img decoding=\"async\" src=\"https:\/\/jessheim.katolsk.no\/wp-content\/uploads\/2020\/11\/aee2f8_38f8491c67fc47c9b93c91ec2dcd1970mv2.jpg\"\/><img decoding=\"async\" src=\"https:\/\/jessheim.katolsk.no\/wp-content\/uploads\/2020\/11\/aee2f8_c74a035347e344cd84c5c40f9d848025mv2_d_5184_3456_s_4_2-scaled.jpg\"\/><img decoding=\"async\" src=\"https:\/\/jessheim.katolsk.no\/wp-content\/uploads\/2020\/11\/aee2f8_cd63f0909bdb48f2a4cf3bdd57ee3699mv2_d_5184_3456_s_4_2-scaled.jpg\"\/><img decoding=\"async\" src=\"https:\/\/jessheim.katolsk.no\/wp-content\/uploads\/2020\/11\/aee2f8_76999fd6737a4fca94111c90572fa305mv2_d_5184_3456_s_4_2-scaled.jpg\"\/><img decoding=\"async\" src=\"https:\/\/jessheim.katolsk.no\/wp-content\/uploads\/2020\/11\/aee2f8_800a11b7ba6044c787ba5f2de725c36emv2_d_5184_3456_s_4_2-scaled.jpg\"\/><img decoding=\"async\" src=\"https:\/\/jessheim.katolsk.no\/wp-content\/uploads\/2020\/11\/aee2f8_c3b1826f6a584176acaf266413d9c913mv2_d_5184_3456_s_4_2-scaled.jpg\"\/><\/div>\n<\/div>\n","protected":false},"excerpt":{"rendered":"<p>P\u00e5 s\u00f8ndag, 3. desember (f\u00f8rste s\u00f8ndag i advent) var det pontifikal messe i St. Gudmund og Biskop Bernt Eidsvig feiret<\/p>\n","protected":false},"author":4,"featured_media":1475,"comment_status":"open","ping_status":"open","sticky":false,"template":"","format":"standard","meta":{"colormag_page_container_layout":"default_layout","colormag_page_sidebar_layout":"default_layout","ngg_post_thumbnail":0,"footnotes":""},"categories":[],"tags":[],"class_list":["post-2489","post","type-post","status-publish","format-standard","has-post-thumbnail","hentry"],"_links":{"self":[{"href":"https:\/\/jessheim.katolsk.no\/index.php?rest_route=\/wp\/v2\/posts\/2489","targetHints":{"allow":["GET"]}}],"collection":[{"href":"https:\/\/jessheim.katolsk.no\/index.php?rest_route=\/wp\/v2\/posts"}],"about":[{"href":"https:\/\/jessheim.katolsk.no\/index.php?rest_route=\/wp\/v2\/types\/post"}],"author":[{"embeddable":true,"href":"https:\/\/jessheim.katolsk.no\/index.php?rest_route=\/wp\/v2\/users\/4"}],"replies":[{"embeddable":true,"href":"https:\/\/jessheim.katolsk.no\/index.php?rest_route=%2Fwp%2Fv2%2Fcomments&post=2489"}],"version-history":[{"count":0,"href":"https:\/\/jessheim.katolsk.no\/index.php?rest_route=\/wp\/v2\/posts\/2489\/revisions"}],"wp:featuredmedia":[{"embeddable":true,"href":"https:\/\/jessheim.katolsk.no\/index.php?rest_route=\/wp\/v2\/media\/1475"}],"wp:attachment":[{"href":"https:\/\/jessheim.katolsk.no\/index.php?rest_route=%2Fwp%2Fv2%2Fmedia&parent=2489"}],"wp:term":[{"taxonomy":"category","embeddable":true,"href":"https:\/\/jessheim.katolsk.no\/index.php?rest_route=%2Fwp%2Fv2%2Fcategories&post=2489"},{"taxonomy":"post_tag","embeddable":true,"href":"https:\/\/jessheim.katolsk.no\/index.php?rest_route=%2Fwp%2Fv2%2Ftags&post=2489"}],"curies":[{"name":"wp","href":"https:\/\/api.w.org\/{rel}","templated":true}]}}