{"id":2431,"date":"2018-11-07T11:18:36","date_gmt":"2018-11-07T10:18:36","guid":{"rendered":"https:\/\/jessheim.katolsk.no\/?p=2431"},"modified":"2018-11-07T11:18:36","modified_gmt":"2018-11-07T10:18:36","slug":"temadag-i-st-gudmund-menighet","status":"publish","type":"post","link":"https:\/\/jessheim.katolsk.no\/?p=2431","title":{"rendered":"Temadag i St. Gudmund Menighet"},"content":{"rendered":"<div><img decoding=\"async\" src=\"https:\/\/jessheim.katolsk.no\/wp-content\/uploads\/2020\/11\/aee2f8_e7707efa32c84db290213466a3a1c8c2mv2.jpg\"\/><\/p>\n<div>Vi vil bare minne om f\u00f8rstkommende l\u00f8rdag (10.11.2018) er det temadag for \u00e5rets fermingskandidater, samt ogs\u00e5 8.klassingene. Dette er OBLIGATORISK for disse klassene, siden dette erstatter en av katekesedagene.<\/div>\n<div>Det er bare ved sykdom eller annet alvorlig at man er fritatt for \u00e5 m\u00f8te opp p\u00e5 temadagen. Om man ikke har mulighet til \u00e5 v\u00e6re med, ta kontakt med sognepresten. <\/div>\n<\/div>\n","protected":false},"excerpt":{"rendered":"<p>Vi vil bare minne om f\u00f8rstkommende l\u00f8rdag (10.11.2018) er det temadag for \u00e5rets fermingskandidater, samt ogs\u00e5 8.klassingene. Dette er OBLIGATORISK<\/p>\n","protected":false},"author":4,"featured_media":1298,"comment_status":"open","ping_status":"open","sticky":false,"template":"","format":"standard","meta":{"colormag_page_container_layout":"default_layout","colormag_page_sidebar_layout":"default_layout","ngg_post_thumbnail":0,"footnotes":""},"categories":[],"tags":[],"class_list":["post-2431","post","type-post","status-publish","format-standard","has-post-thumbnail","hentry"],"_links":{"self":[{"href":"https:\/\/jessheim.katolsk.no\/index.php?rest_route=\/wp\/v2\/posts\/2431","targetHints":{"allow":["GET"]}}],"collection":[{"href":"https:\/\/jessheim.katolsk.no\/index.php?rest_route=\/wp\/v2\/posts"}],"about":[{"href":"https:\/\/jessheim.katolsk.no\/index.php?rest_route=\/wp\/v2\/types\/post"}],"author":[{"embeddable":true,"href":"https:\/\/jessheim.katolsk.no\/index.php?rest_route=\/wp\/v2\/users\/4"}],"replies":[{"embeddable":true,"href":"https:\/\/jessheim.katolsk.no\/index.php?rest_route=%2Fwp%2Fv2%2Fcomments&post=2431"}],"version-history":[{"count":0,"href":"https:\/\/jessheim.katolsk.no\/index.php?rest_route=\/wp\/v2\/posts\/2431\/revisions"}],"wp:featuredmedia":[{"embeddable":true,"href":"https:\/\/jessheim.katolsk.no\/index.php?rest_route=\/wp\/v2\/media\/1298"}],"wp:attachment":[{"href":"https:\/\/jessheim.katolsk.no\/index.php?rest_route=%2Fwp%2Fv2%2Fmedia&parent=2431"}],"wp:term":[{"taxonomy":"category","embeddable":true,"href":"https:\/\/jessheim.katolsk.no\/index.php?rest_route=%2Fwp%2Fv2%2Fcategories&post=2431"},{"taxonomy":"post_tag","embeddable":true,"href":"https:\/\/jessheim.katolsk.no\/index.php?rest_route=%2Fwp%2Fv2%2Ftags&post=2431"}],"curies":[{"name":"wp","href":"https:\/\/api.w.org\/{rel}","templated":true}]}}