{"id":2367,"date":"2020-04-01T12:01:15","date_gmt":"2020-04-01T10:01:15","guid":{"rendered":"https:\/\/jessheim.katolsk.no\/?p=2367"},"modified":"2020-04-01T12:01:15","modified_gmt":"2020-04-01T10:01:15","slug":"den-stille-uke-og-pasken-strommes-direkte-fra-st-olav-domkirke-pa-katolsk-no","status":"publish","type":"post","link":"https:\/\/jessheim.katolsk.no\/?p=2367","title":{"rendered":"Den stille uke og p\u00e5sken str\u00f8mmes direkte fra St. Olav domkirke p\u00e5 katolsk.no"},"content":{"rendered":"<div>\n<div>Vi er i en spesiell og vanskelig tid. Koronapandemien gj\u00f8r at vi ikke kan samle og feire messe sammen. Men Oslo katolske bisped\u00f8mme str\u00f8mmer messer og liturgier direkte fra St. Olav domkirke gjennom hele den stille uke, p\u00e5skeaften og p\u00e5skemorgen. <\/div>\n<div><a href=\"http:\/\/www.katolsk.no\/nyheter\/2020\/04\/paskehoytiden-strommes-direkte-fra-st-olav-domkirke\">Sendeskjema p\u00e5 katolsk.no for den stille uke og p\u00e5sken:<\/a><\/div>\n<div>Palmes\u00f8ndag, 5. april: kl. 11.00 fra St. Olav domkirke, Oslo<\/div>\n<div>Skj\u00e6rtorsdag, 9. april: kl. 18.00 fra St. Olav domkirke, Oslo<\/div>\n<div>Langfredag, 10. april: kl. 15.00 fra St. Olav domkirke, Oslo<\/div>\n<div>P\u00e5skeaften, 11. april: kl. 21.00 fra St. Olav domkirke, Oslo<\/div>\n<div>P\u00e5skemorgen, 12. april: kl. 11.00 fra St. Olav domkirke, Oslo<\/div>\n<div><a href=\"http:\/\/www.katolsk.no\/\">F\u00f8lg sendingen fra katolsk.no<\/a><\/div>\n<div>Dere kan gi kollekt via Vipps (St. Gudmund kollekt \u2013 nr. 19006). Dere kan ogs\u00e5 st\u00f8tte menigheten ved \u00e5 sende til v\u00e5r bankkontonummer 1503.02.82946.<\/div>\n<div>Gud velsigne dere og tusen takk for at dere bidrar til \u00e5 holde v\u00e5r menighet sterk i spesiell tid.<\/div>\n<p><img decoding=\"async\" src=\"https:\/\/jessheim.katolsk.no\/wp-content\/uploads\/2020\/11\/aee2f8_2af125471a1f4763915575b6acd779f7mv2.jpeg\"\/><\/div>\n","protected":false},"excerpt":{"rendered":"<p>Vi er i en spesiell og vanskelig tid. Koronapandemien gj\u00f8r at vi ikke kan samle og feire messe sammen. Men<\/p>\n","protected":false},"author":4,"featured_media":841,"comment_status":"open","ping_status":"open","sticky":false,"template":"","format":"standard","meta":{"colormag_page_container_layout":"default_layout","colormag_page_sidebar_layout":"default_layout","ngg_post_thumbnail":0,"footnotes":""},"categories":[],"tags":[],"class_list":["post-2367","post","type-post","status-publish","format-standard","has-post-thumbnail","hentry"],"_links":{"self":[{"href":"https:\/\/jessheim.katolsk.no\/index.php?rest_route=\/wp\/v2\/posts\/2367","targetHints":{"allow":["GET"]}}],"collection":[{"href":"https:\/\/jessheim.katolsk.no\/index.php?rest_route=\/wp\/v2\/posts"}],"about":[{"href":"https:\/\/jessheim.katolsk.no\/index.php?rest_route=\/wp\/v2\/types\/post"}],"author":[{"embeddable":true,"href":"https:\/\/jessheim.katolsk.no\/index.php?rest_route=\/wp\/v2\/users\/4"}],"replies":[{"embeddable":true,"href":"https:\/\/jessheim.katolsk.no\/index.php?rest_route=%2Fwp%2Fv2%2Fcomments&post=2367"}],"version-history":[{"count":0,"href":"https:\/\/jessheim.katolsk.no\/index.php?rest_route=\/wp\/v2\/posts\/2367\/revisions"}],"wp:featuredmedia":[{"embeddable":true,"href":"https:\/\/jessheim.katolsk.no\/index.php?rest_route=\/wp\/v2\/media\/841"}],"wp:attachment":[{"href":"https:\/\/jessheim.katolsk.no\/index.php?rest_route=%2Fwp%2Fv2%2Fmedia&parent=2367"}],"wp:term":[{"taxonomy":"category","embeddable":true,"href":"https:\/\/jessheim.katolsk.no\/index.php?rest_route=%2Fwp%2Fv2%2Fcategories&post=2367"},{"taxonomy":"post_tag","embeddable":true,"href":"https:\/\/jessheim.katolsk.no\/index.php?rest_route=%2Fwp%2Fv2%2Ftags&post=2367"}],"curies":[{"name":"wp","href":"https:\/\/api.w.org\/{rel}","templated":true}]}}