{"id":2349,"date":"2020-07-14T09:24:40","date_gmt":"2020-07-14T07:24:40","guid":{"rendered":"https:\/\/jessheim.katolsk.no\/?p=2349"},"modified":"2020-07-14T09:24:40","modified_gmt":"2020-07-14T07:24:40","slug":"utnevnelser-og-forflytninger-i-oslo-katolske-bispedomme","status":"publish","type":"post","link":"https:\/\/jessheim.katolsk.no\/?p=2349","title":{"rendered":"UTNEVNELSER OG FORFLYTNINGER I OSLO KATOLSKE BISPED\u00d8MME"},"content":{"rendered":"<div><img decoding=\"async\" src=\"https:\/\/jessheim.katolsk.no\/wp-content\/uploads\/2020\/11\/aee2f8_18007f49c6424ad38544d231b716f919mv2.jpeg\"\/><\/p>\n<div>\n<div>P. Nguyen Tuan Van blir med virkning fra den <\/div>\n<div>01. september 2020 l\u00f8st frastillingen som kappellan ved St. Torfinn menighet i Hamar, og utnevnes samme dato til sogneadministrator for St. Gudmund menighet.<\/div>\n<\/div>\n<p><img decoding=\"async\" src=\"https:\/\/jessheim.katolsk.no\/wp-content\/uploads\/2020\/11\/aee2f8_42bef057723545c6be87ae351fddd19emv2.jpeg\"\/><\/p>\n<div>\n<div>P. Robert Kanoza utnevnes med virkning fra den 01. <\/div>\n<div>september 2020 til sjeles\u00f8rger for polsktalende katolikker i St. Gudmund menighet p\u00e5 Jessheim. <\/div>\n<\/div>\n<div>P. Waldemar Bozek blir med virkning fra den 01. september 2020 l\u00f8st fra stillingen som kapellan ved St. Gudmund menighet, og utnevnes samme dato til sogneadministrator for St. Klara menighet (Kongsvinger).<\/div>\n<div>P. Do Duc Tan l\u00f8ses med virkning fra den 01. september 2020 fra embedet som sogneprest i St. Gudmund menighet, og utnevnes fra samme dato til sogneprest i St. Johannes, apostel og evangelist menighet i Oslo. Han overtar ansvaret for den vietnamesiske sjelesorg i St. Torfinn menighet p\u00e5 Hamar og p\u00e5 Gj\u00f8vik.<\/div>\n<div>Vi \u00f8nsker p. Van og p. Robert hjertelig velkommen til oss og takker p. Tan og p. Waldemar for deres tjeneste i v\u00e5r menighet! <\/div>\n<\/div>\n","protected":false},"excerpt":{"rendered":"<p>P. Nguyen Tuan Van blir med virkning fra den 01. september 2020 l\u00f8st frastillingen som kappellan ved St. Torfinn menighet<\/p>\n","protected":false},"author":4,"featured_media":786,"comment_status":"open","ping_status":"open","sticky":false,"template":"","format":"standard","meta":{"colormag_page_container_layout":"default_layout","colormag_page_sidebar_layout":"default_layout","ngg_post_thumbnail":0,"footnotes":""},"categories":[],"tags":[],"class_list":["post-2349","post","type-post","status-publish","format-standard","has-post-thumbnail","hentry"],"_links":{"self":[{"href":"https:\/\/jessheim.katolsk.no\/index.php?rest_route=\/wp\/v2\/posts\/2349","targetHints":{"allow":["GET"]}}],"collection":[{"href":"https:\/\/jessheim.katolsk.no\/index.php?rest_route=\/wp\/v2\/posts"}],"about":[{"href":"https:\/\/jessheim.katolsk.no\/index.php?rest_route=\/wp\/v2\/types\/post"}],"author":[{"embeddable":true,"href":"https:\/\/jessheim.katolsk.no\/index.php?rest_route=\/wp\/v2\/users\/4"}],"replies":[{"embeddable":true,"href":"https:\/\/jessheim.katolsk.no\/index.php?rest_route=%2Fwp%2Fv2%2Fcomments&post=2349"}],"version-history":[{"count":0,"href":"https:\/\/jessheim.katolsk.no\/index.php?rest_route=\/wp\/v2\/posts\/2349\/revisions"}],"wp:featuredmedia":[{"embeddable":true,"href":"https:\/\/jessheim.katolsk.no\/index.php?rest_route=\/wp\/v2\/media\/786"}],"wp:attachment":[{"href":"https:\/\/jessheim.katolsk.no\/index.php?rest_route=%2Fwp%2Fv2%2Fmedia&parent=2349"}],"wp:term":[{"taxonomy":"category","embeddable":true,"href":"https:\/\/jessheim.katolsk.no\/index.php?rest_route=%2Fwp%2Fv2%2Fcategories&post=2349"},{"taxonomy":"post_tag","embeddable":true,"href":"https:\/\/jessheim.katolsk.no\/index.php?rest_route=%2Fwp%2Fv2%2Ftags&post=2349"}],"curies":[{"name":"wp","href":"https:\/\/api.w.org\/{rel}","templated":true}]}}