{"id":2347,"date":"2020-08-12T10:06:28","date_gmt":"2020-08-12T08:06:28","guid":{"rendered":"https:\/\/jessheim.katolsk.no\/?p=2347"},"modified":"2020-08-12T10:06:28","modified_gmt":"2020-08-12T08:06:28","slug":"viktige-datoer-for-forste-kommunionsbarn-og-konfirmanter","status":"publish","type":"post","link":"https:\/\/jessheim.katolsk.no\/?p=2347","title":{"rendered":"Viktige datoer for f\u00f8rste kommunionsbarn og konfirmanter"},"content":{"rendered":"<div>\n<div>FOR F\u00d8RSTE KOMMUNIONSBARN<\/div>\n<div>L\u00f8rdag 22. august kl. 10:00 \u2013 13:00:<\/div>\n<div>Skriftem\u00e5l og general\u00f8velse (norsk gruppe)<\/div>\n<div>Foreldrem\u00f8te for norsk gruppe<\/div>\n<div>L\u00f8rdag 5. september: Polsk f\u00f8rste kommunion<\/div>\n<div>kl. 10:30 (gruppe 1) <\/div>\n<div>kl. 12:30 (gruppe 2)<\/div>\n<div>L\u00f8rdag 12. september: Norsk f\u00f8rste kommunion<\/div>\n<div>kl. 10:00 (gruppe 1) <\/div>\n<div>kl. 13:00 (gruppe 2)<\/div>\n<div>\n<div>Fristen for \u00e5 levere navn og telefonnummer til alle som skal delta i messen er tirsdag 8. september for norsk gruppe. Dette skal sendes til sogneadministrators e-postadresse: <\/div>\n<p>Peter.Van@katolsk.no<\/p><\/div>\n<div>FOR KONFIRMANTER<\/div>\n<div>Onsdag 26. august kl. 17:00 \u2013 19:30:<\/div>\n<div>Messe og skriftem\u00e5l<\/div>\n<div>Onsdag 16. september kl. 17:00 \u2013 19:30:<\/div>\n<div>Messe etterfulgt av general\u00f8velse<\/div>\n<div>L\u00f8rdag 26. september: Konfirmasjon<\/div>\n<div>kl. 10:00 (norsk gruppe) kl. 13:00 (polsk gruppe)<\/div>\n<div>\n<div>Fristen for \u00e5 levere navn og telefonnummer til alle som skal delta i messen er onsdag 16. september. Dette skal sendes til sogneadministrators e-postadresse: <\/div>\n<p>Peter.Van@katolsk.no<\/p><\/div>\n<\/div>\n","protected":false},"excerpt":{"rendered":"<p>FOR F\u00d8RSTE KOMMUNIONSBARN L\u00f8rdag 22. august kl. 10:00 \u2013 13:00: Skriftem\u00e5l og general\u00f8velse (norsk gruppe) Foreldrem\u00f8te for norsk gruppe L\u00f8rdag<\/p>\n","protected":false},"author":4,"featured_media":0,"comment_status":"open","ping_status":"open","sticky":false,"template":"","format":"standard","meta":{"colormag_page_container_layout":"default_layout","colormag_page_sidebar_layout":"default_layout","ngg_post_thumbnail":0,"footnotes":""},"categories":[],"tags":[],"class_list":["post-2347","post","type-post","status-publish","format-standard","hentry"],"_links":{"self":[{"href":"https:\/\/jessheim.katolsk.no\/index.php?rest_route=\/wp\/v2\/posts\/2347","targetHints":{"allow":["GET"]}}],"collection":[{"href":"https:\/\/jessheim.katolsk.no\/index.php?rest_route=\/wp\/v2\/posts"}],"about":[{"href":"https:\/\/jessheim.katolsk.no\/index.php?rest_route=\/wp\/v2\/types\/post"}],"author":[{"embeddable":true,"href":"https:\/\/jessheim.katolsk.no\/index.php?rest_route=\/wp\/v2\/users\/4"}],"replies":[{"embeddable":true,"href":"https:\/\/jessheim.katolsk.no\/index.php?rest_route=%2Fwp%2Fv2%2Fcomments&post=2347"}],"version-history":[{"count":0,"href":"https:\/\/jessheim.katolsk.no\/index.php?rest_route=\/wp\/v2\/posts\/2347\/revisions"}],"wp:attachment":[{"href":"https:\/\/jessheim.katolsk.no\/index.php?rest_route=%2Fwp%2Fv2%2Fmedia&parent=2347"}],"wp:term":[{"taxonomy":"category","embeddable":true,"href":"https:\/\/jessheim.katolsk.no\/index.php?rest_route=%2Fwp%2Fv2%2Fcategories&post=2347"},{"taxonomy":"post_tag","embeddable":true,"href":"https:\/\/jessheim.katolsk.no\/index.php?rest_route=%2Fwp%2Fv2%2Ftags&post=2347"}],"curies":[{"name":"wp","href":"https:\/\/api.w.org\/{rel}","templated":true}]}}