{"id":2345,"date":"2020-08-12T10:10:50","date_gmt":"2020-08-12T08:10:50","guid":{"rendered":"https:\/\/jessheim.katolsk.no\/?p=2345"},"modified":"2020-08-12T10:10:50","modified_gmt":"2020-08-12T08:10:50","slug":"p-waldemar-og-p-tan-feirer-takksigelsesmesser","status":"publish","type":"post","link":"https:\/\/jessheim.katolsk.no\/?p=2345","title":{"rendered":"p. Waldemar og p. Tan feirer takksigelsesmesser"},"content":{"rendered":"<div><img decoding=\"async\" src=\"https:\/\/jessheim.katolsk.no\/wp-content\/uploads\/2020\/11\/aee2f8_15f7d3f9772344b1aded7a766f2e8132mv2.jpg\"\/><\/p>\n<div>p. Waldemar og p. Tan skal forlate v\u00e5r menighet og skal feire takksigelsemesser.<\/div>\n<div>p. Waldemar skal feire sin siste messe p\u00e5 s\u00f8ndag den 23. august kl. 8:00 og kl. 14:00 p\u00e5 polsk, kl. 10:00 p\u00e5 engelsk og kl. 12:00 p\u00e5 norsk.<\/div>\n<div>p. Tan skal feire siste messe i St Gudmund kirke p\u00e5 l\u00f8rdag den 29. august kl. 16:00 p\u00e5 vietnamesisk og s\u00f8ndag den 30. august kl. 12:00 p\u00e5 norsk.<\/div>\n<\/div>\n","protected":false},"excerpt":{"rendered":"<p>p. Waldemar og p. Tan skal forlate v\u00e5r menighet og skal feire takksigelsemesser. p. Waldemar skal feire sin siste messe<\/p>\n","protected":false},"author":4,"featured_media":780,"comment_status":"open","ping_status":"open","sticky":false,"template":"","format":"standard","meta":{"colormag_page_container_layout":"default_layout","colormag_page_sidebar_layout":"default_layout","ngg_post_thumbnail":0,"footnotes":""},"categories":[],"tags":[],"class_list":["post-2345","post","type-post","status-publish","format-standard","has-post-thumbnail","hentry"],"_links":{"self":[{"href":"https:\/\/jessheim.katolsk.no\/index.php?rest_route=\/wp\/v2\/posts\/2345","targetHints":{"allow":["GET"]}}],"collection":[{"href":"https:\/\/jessheim.katolsk.no\/index.php?rest_route=\/wp\/v2\/posts"}],"about":[{"href":"https:\/\/jessheim.katolsk.no\/index.php?rest_route=\/wp\/v2\/types\/post"}],"author":[{"embeddable":true,"href":"https:\/\/jessheim.katolsk.no\/index.php?rest_route=\/wp\/v2\/users\/4"}],"replies":[{"embeddable":true,"href":"https:\/\/jessheim.katolsk.no\/index.php?rest_route=%2Fwp%2Fv2%2Fcomments&post=2345"}],"version-history":[{"count":0,"href":"https:\/\/jessheim.katolsk.no\/index.php?rest_route=\/wp\/v2\/posts\/2345\/revisions"}],"wp:featuredmedia":[{"embeddable":true,"href":"https:\/\/jessheim.katolsk.no\/index.php?rest_route=\/wp\/v2\/media\/780"}],"wp:attachment":[{"href":"https:\/\/jessheim.katolsk.no\/index.php?rest_route=%2Fwp%2Fv2%2Fmedia&parent=2345"}],"wp:term":[{"taxonomy":"category","embeddable":true,"href":"https:\/\/jessheim.katolsk.no\/index.php?rest_route=%2Fwp%2Fv2%2Fcategories&post=2345"},{"taxonomy":"post_tag","embeddable":true,"href":"https:\/\/jessheim.katolsk.no\/index.php?rest_route=%2Fwp%2Fv2%2Ftags&post=2345"}],"curies":[{"name":"wp","href":"https:\/\/api.w.org\/{rel}","templated":true}]}}