{"id":2343,"date":"2020-08-29T08:26:24","date_gmt":"2020-08-29T06:26:24","guid":{"rendered":"https:\/\/jessheim.katolsk.no\/?p=2343"},"modified":"2020-08-29T08:26:24","modified_gmt":"2020-08-29T06:26:24","slug":"p-van-feirer-sin-forste-messe","status":"publish","type":"post","link":"https:\/\/jessheim.katolsk.no\/?p=2343","title":{"rendered":"P. Van feirer sin f\u00f8rste messe"},"content":{"rendered":"<div>\n<div>P\u00e5 s\u00f8ndag den 6.september feirer p. Van sin f\u00f8rste messe i menigheten p\u00e5 engelsk kl.09:30 og familiemesse kl.11:00<\/div>\n<\/div>\n","protected":false},"excerpt":{"rendered":"<p>P\u00e5 s\u00f8ndag den 6.september feirer p. Van sin f\u00f8rste messe i menigheten p\u00e5 engelsk kl.09:30 og familiemesse kl.11:00<\/p>\n","protected":false},"author":4,"featured_media":0,"comment_status":"open","ping_status":"open","sticky":false,"template":"","format":"standard","meta":{"colormag_page_container_layout":"default_layout","colormag_page_sidebar_layout":"default_layout","ngg_post_thumbnail":0,"footnotes":""},"categories":[],"tags":[],"class_list":["post-2343","post","type-post","status-publish","format-standard","hentry"],"_links":{"self":[{"href":"https:\/\/jessheim.katolsk.no\/index.php?rest_route=\/wp\/v2\/posts\/2343","targetHints":{"allow":["GET"]}}],"collection":[{"href":"https:\/\/jessheim.katolsk.no\/index.php?rest_route=\/wp\/v2\/posts"}],"about":[{"href":"https:\/\/jessheim.katolsk.no\/index.php?rest_route=\/wp\/v2\/types\/post"}],"author":[{"embeddable":true,"href":"https:\/\/jessheim.katolsk.no\/index.php?rest_route=\/wp\/v2\/users\/4"}],"replies":[{"embeddable":true,"href":"https:\/\/jessheim.katolsk.no\/index.php?rest_route=%2Fwp%2Fv2%2Fcomments&post=2343"}],"version-history":[{"count":0,"href":"https:\/\/jessheim.katolsk.no\/index.php?rest_route=\/wp\/v2\/posts\/2343\/revisions"}],"wp:attachment":[{"href":"https:\/\/jessheim.katolsk.no\/index.php?rest_route=%2Fwp%2Fv2%2Fmedia&parent=2343"}],"wp:term":[{"taxonomy":"category","embeddable":true,"href":"https:\/\/jessheim.katolsk.no\/index.php?rest_route=%2Fwp%2Fv2%2Fcategories&post=2343"},{"taxonomy":"post_tag","embeddable":true,"href":"https:\/\/jessheim.katolsk.no\/index.php?rest_route=%2Fwp%2Fv2%2Ftags&post=2343"}],"curies":[{"name":"wp","href":"https:\/\/api.w.org\/{rel}","templated":true}]}}